{"id":15686,"date":"2020-03-23T09:00:37","date_gmt":"2020-03-23T07:00:37","guid":{"rendered":"https:\/\/www.sanovita.ro\/blog\/?p=15686"},"modified":"2021-06-23T19:55:45","modified_gmt":"2021-06-23T16:55:45","slug":"fursecuri-cu-vanilie","status":"publish","type":"post","link":"https:\/\/sanovita.ro\/blog\/fursecuri-cu-vanilie\/","title":{"rendered":"Fursecuri cu vanilie"},"content":{"rendered":"<section class=\"wpb-content-wrapper\"><p class=\"recipe-summary\" style=\"text-align: justify;\"><img loading=\"lazy\" decoding=\"async\" class=\"size-full wp-image-15687 aligncenter\" src=\"https:\/\/www.sanovita.ro\/blog\/wp-content\/uploads\/2020\/02\/fursecuri-cu-vanilie.jpg\" alt=\"fursecuri cu vanilie\" width=\"592\" height=\"392\" srcset=\"https:\/\/sanovita.ro\/blog\/wp-content\/uploads\/2020\/02\/fursecuri-cu-vanilie.jpg 592w, https:\/\/sanovita.ro\/blog\/wp-content\/uploads\/2020\/02\/fursecuri-cu-vanilie-324x215.jpg 324w\" sizes=\"auto, (max-width: 592px) 100vw, 592px\" \/>Aceasta reteta de fursecuri cu vanilie are la baza faina de grau integrala si uleiul de cocos, este aromata cu esenta (si, optional, semintele dintr-o pastaie) de vanilie si este foarte usor de facut. Cu o lista de ingrediente minimala si doar 30 de minute de preparare, aceste fursecuri cu vanilie sunt un desert crocant si aromat, perfect pentru cei care prefera dulciurile mai sanatoase (nu contin zahar rafinat), nu sunt fani ai ciocolatei si carora le place sa gateasca alaturi de copiii lor \u2013 pentru ca reteta poate fi usor preparata in familie, lasandu-i pe cei mai mici membri ai acesteia sa isi aleaga formele preferate de fursecuri si sa le taie cu propriile manute.<\/p>\n<div class=\"td_text_columns_two_cols\">\n<p style=\"text-align: center;\"><span style=\"font-size: 10pt;\"><strong>TIMP PREPARARE \u00a0<\/strong> <span style=\"color: #ff0000;\">30 minute<\/span><br \/>\n<\/span><\/p>\n<p style=\"text-align: center;\"><span style=\"font-size: 10pt;\"><strong>PORTII \u00a0 <\/strong><span style=\"color: #ff0000;\">7<\/span><\/span><\/p>\n<p style=\"text-align: center;\"><span style=\"font-size: 10pt;\"><strong>TIP RETETA \u00a0 <\/strong><span style=\"color: #ff0000;\">Desert<\/span><\/span><\/p>\n<p style=\"text-align: center;\"><span style=\"font-size: 10pt;\"><strong>DIFICULTATE \u00a0<\/strong> <span style=\"color: #ff0000;\">Scazuta<\/span><br \/>\n<\/span><\/p>\n<p style=\"text-align: center;\"><span style=\"font-size: 10pt;\"><strong>PRINTEAZA RETETA<\/strong> <\/span><\/p>\n<p style=\"text-align: center;\"><span style=\"font-size: 10pt;\"><span style=\"color: #000000;\"><div class=\"printfriendly pf-button  pf-aligncenter\">\n                    <a href=\"https:\/\/sanovita.ro\/blog\/fursecuri-cu-vanilie\/?pfstyle=wp\" rel=\"nofollow\" onclick=\"\" title=\"Printer Friendly, PDF & Email\">\n                    <img decoding=\"async\" src=\"https:\/\/sanovita.ro\/blog\/wp-content\/uploads\/2026\/02\/printfriendly.png\" alt=\"Print Friendly, PDF & Email\" class=\"pf-button-img\" style=\"width: 120px;height: 26px;\"  \/><span id=\"printfriendly-text2\" class=\"pf-button-text\"><\/span>\n                    <\/a>\n                <\/div><\/span><br \/>\n<\/span><\/p>\n<\/div>\n<hr \/>\n<h3 style=\"text-align: left;\"><i class=\"fa fa-shopping-basket \" ><\/i> \u00a0 Ingrediente reteta Fursecuri cu vanilie<\/h3>\n<div class=\"blog-info\">\n<div class=\"description\">\n<div class=\"inner\">\n<ul>\n<li>2 \u00bc cani <a href=\"https:\/\/www.sanovita.ro\/faina-integrala-de-grau-1-kg-17.html?utm_medium=blog&amp;utm_source=retetablog-fursecuri-cu-vanilie\" target=\"_blank\" rel=\"noopener noreferrer\"><strong>faina de grau integrala<\/strong><\/a><\/li>\n<li>\u00bd cana <a href=\"https:\/\/www.sanovita.ro\/ulei-de-cocos-ecologic-200-ml-698.html?utm_medium=blog&amp;utm_source=retetablog-fursecuri-cu-vanilie\" target=\"_blank\" rel=\"noopener noreferrer\"><strong>ulei de cocos <\/strong><\/a>lichid<\/li>\n<li>\u00bd cana <a href=\"https:\/\/www.sanovita.ro\/sirop-artar-vertmont-canada-250-gr-694.html?utm_medium=blog&amp;utm_source=retetablog-fursecuri-cu-vanilie\" target=\"_blank\" rel=\"noopener noreferrer\"><strong>sirop de artar<\/strong><\/a><\/li>\n<li>\u00bd lingurita esenta de vanilie<\/li>\n<li>1 praf de <a href=\"https:\/\/www.sanovita.ro\/sare-de-mare-fina-iodata-1-kg-37.html?utm_medium=blog&amp;utm_source=retetablog-fursecuri-cu-vanilie\" target=\"_blank\" rel=\"noopener noreferrer\"><strong>sare<\/strong><\/a><\/li>\n<\/ul>\n<div id=\"tdi_1\" class=\"tdc-row\"><div class=\"vc_row tdi_2  wpb_row td-pb-row\" >\n<style scoped>\n\n\/* custom css *\/\n.tdi_2,\r\n                .tdi_2 .tdc-columns{\r\n                    min-height: 0;\r\n                }.tdi_2,\r\n\t\t\t\t.tdi_2 .tdc-columns{\r\n\t\t\t\t    display: block;\r\n\t\t\t\t}.tdi_2 .tdc-columns{\r\n\t\t\t\t    width: 100%;\r\n\t\t\t\t}\n<\/style><div class=\"vc_column tdi_4  wpb_column vc_column_container tdc-column td-pb-span12\">\n<style scoped>\n\n\/* custom css *\/\n.tdi_4{\r\n                    vertical-align: baseline;\r\n                }.tdi_4 > .wpb_wrapper,\r\n\t\t\t\t.tdi_4 > .wpb_wrapper > .tdc-elements{\r\n\t\t\t\t    display: block;\r\n\t\t\t\t}.tdi_4 > .wpb_wrapper > .tdc-elements{\r\n\t\t\t\t    width: 100%;\r\n\t\t\t\t}.tdi_4 > .wpb_wrapper > .vc_row_inner{\r\n\t\t\t\t    width: auto;\r\n\t\t\t\t}.tdi_4 > .wpb_wrapper{\r\n\t\t\t\t    width: auto;\r\n\t\t\t\t    height: auto;\r\n\t\t\t\t}\n<\/style><div class=\"wpb_wrapper\" >[vc_custom_heading text=&#8221;Vrei sa pregatesti reteta? Cumpara produsele!&#8221; font_container=&#8221;tag:h2|text_align:center|color:%23dd3333&#8243; use_theme_fonts=&#8221;yes&#8221;]<\/div><\/div><\/div><\/div><div id=\"tdi_5\" class=\"tdc-row\"><div class=\"vc_row tdi_6  wpb_row td-pb-row\" >\n<style scoped>\n\n\/* custom css *\/\n.tdi_6,\r\n                .tdi_6 .tdc-columns{\r\n                    min-height: 0;\r\n                }.tdi_6,\r\n\t\t\t\t.tdi_6 .tdc-columns{\r\n\t\t\t\t    display: block;\r\n\t\t\t\t}.tdi_6 .tdc-columns{\r\n\t\t\t\t    width: 100%;\r\n\t\t\t\t}\n<\/style><div class=\"vc_column tdi_8  wpb_column vc_column_container tdc-column td-pb-span6\">\n<style scoped>\n\n\/* custom css *\/\n.tdi_8{\r\n                    vertical-align: baseline;\r\n                }.tdi_8 > .wpb_wrapper,\r\n\t\t\t\t.tdi_8 > .wpb_wrapper > .tdc-elements{\r\n\t\t\t\t    display: block;\r\n\t\t\t\t}.tdi_8 > .wpb_wrapper > .tdc-elements{\r\n\t\t\t\t    width: 100%;\r\n\t\t\t\t}.tdi_8 > .wpb_wrapper > .vc_row_inner{\r\n\t\t\t\t    width: auto;\r\n\t\t\t\t}.tdi_8 > .wpb_wrapper{\r\n\t\t\t\t    width: auto;\r\n\t\t\t\t    height: auto;\r\n\t\t\t\t}\n<\/style><div class=\"wpb_wrapper\" >[vc_cta h2=&#8221;&#8221; h4=&#8221;Faina de grau integrala&#8221; txt_align=&#8221;center&#8221; color=&#8221;green&#8221; add_button=&#8221;bottom&#8221; btn_title=&#8221;Vezi detalii produs&#8221; btn_style=&#8221;classic&#8221; btn_color=&#8221;danger&#8221; btn_size=&#8221;sm&#8221; btn_align=&#8221;center&#8221; btn_link=&#8221;url:https%3A%2F%2Fwww.sanovita.ro%2Ffaina-integrala-de-grau-1-kg-17.html%3Futm_medium%3Dblog%26utm_source%3Dretetablog-fursecuri-cu-vanilie||target:%20_blank|rel:nofollow&#8221;]<a href=\"https:\/\/www.sanovita.ro\/faina-integrala-de-grau-1-kg-17.html?utm_medium=blog&amp;utm_source=retetablog-fursecuri-cu-vanilie\"><img loading=\"lazy\" decoding=\"async\" class=\"aligncenter wp-image-10923 size-thumbnail\" src=\"https:\/\/www.sanovita.ro\/blog\/wp-content\/uploads\/2019\/01\/faina-integrala-de-grau-1-kg-200x200.jpg\" alt=\"faina integrala de grau\" width=\"200\" height=\"200\" srcset=\"https:\/\/sanovita.ro\/blog\/wp-content\/uploads\/2019\/01\/faina-integrala-de-grau-1-kg-200x200.jpg 200w, https:\/\/sanovita.ro\/blog\/wp-content\/uploads\/2019\/01\/faina-integrala-de-grau-1-kg-324x324.jpg 324w, https:\/\/sanovita.ro\/blog\/wp-content\/uploads\/2019\/01\/faina-integrala-de-grau-1-kg-768x768.jpg 768w, https:\/\/sanovita.ro\/blog\/wp-content\/uploads\/2019\/01\/faina-integrala-de-grau-1-kg-486x486.jpg 486w, https:\/\/sanovita.ro\/blog\/wp-content\/uploads\/2019\/01\/faina-integrala-de-grau-1-kg.jpg 800w\" sizes=\"auto, (max-width: 200px) 100vw, 200px\" \/><\/a>[\/vc_cta][vc_cta h2=&#8221;&#8221; h4=&#8221;Ulei de cocos ecologic&#8221; txt_align=&#8221;center&#8221; color=&#8221;green&#8221; add_button=&#8221;bottom&#8221; btn_title=&#8221;Vezi detalii produs&#8221; btn_style=&#8221;classic&#8221; btn_color=&#8221;danger&#8221; btn_size=&#8221;sm&#8221; btn_align=&#8221;center&#8221; btn_link=&#8221;url:https%3A%2F%2Fwww.sanovita.ro%2Fulei-de-cocos-ecologic-200-ml-698.html%3Futm_medium%3Dblog%26utm_source%3Dretetablog-fursecuri-cu-vanilie||target:%20_blank|rel:nofollow&#8221;]<a href=\"https:\/\/www.sanovita.ro\/ulei-de-cocos-ecologic-200-ml-698.html?utm_medium=blog&amp;utm_source=retetablog-fursecuri-cu-vanilie\"><img loading=\"lazy\" decoding=\"async\" class=\"aligncenter wp-image-8942 size-thumbnail\" src=\"https:\/\/www.sanovita.ro\/blog\/wp-content\/uploads\/2018\/04\/Ulei_de_cocos_200ml-200x200.png\" alt=\"Ulei_de_cocos_200ml\" width=\"200\" height=\"200\" srcset=\"https:\/\/sanovita.ro\/blog\/wp-content\/uploads\/2018\/04\/Ulei_de_cocos_200ml-200x200.png 200w, https:\/\/sanovita.ro\/blog\/wp-content\/uploads\/2018\/04\/Ulei_de_cocos_200ml-324x324.png 324w, https:\/\/sanovita.ro\/blog\/wp-content\/uploads\/2018\/04\/Ulei_de_cocos_200ml-768x768.png 768w, https:\/\/sanovita.ro\/blog\/wp-content\/uploads\/2018\/04\/Ulei_de_cocos_200ml-486x486.png 486w, https:\/\/sanovita.ro\/blog\/wp-content\/uploads\/2018\/04\/Ulei_de_cocos_200ml.png 1000w\" sizes=\"auto, (max-width: 200px) 100vw, 200px\" \/><\/a>[\/vc_cta]<\/div><\/div><div class=\"vc_column tdi_10  wpb_column vc_column_container tdc-column td-pb-span6\">\n<style scoped>\n\n\/* custom css *\/\n.tdi_10{\r\n                    vertical-align: baseline;\r\n                }.tdi_10 > .wpb_wrapper,\r\n\t\t\t\t.tdi_10 > .wpb_wrapper > .tdc-elements{\r\n\t\t\t\t    display: block;\r\n\t\t\t\t}.tdi_10 > .wpb_wrapper > .tdc-elements{\r\n\t\t\t\t    width: 100%;\r\n\t\t\t\t}.tdi_10 > .wpb_wrapper > .vc_row_inner{\r\n\t\t\t\t    width: auto;\r\n\t\t\t\t}.tdi_10 > .wpb_wrapper{\r\n\t\t\t\t    width: auto;\r\n\t\t\t\t    height: auto;\r\n\t\t\t\t}\n<\/style><div class=\"wpb_wrapper\" >[vc_cta h2=&#8221;&#8221; h4=&#8221;Sirop de artar&#8221; txt_align=&#8221;center&#8221; color=&#8221;green&#8221; add_button=&#8221;bottom&#8221; btn_title=&#8221;Vezi detalii produs&#8221; btn_style=&#8221;classic&#8221; btn_color=&#8221;danger&#8221; btn_size=&#8221;sm&#8221; btn_align=&#8221;center&#8221; btn_link=&#8221;url:https%3A%2F%2Fwww.sanovita.ro%2Fsirop-artar-vertmont-canada-250-gr-694.html%3Futm_medium%3Dblog%26utm_source%3Dretetablog-fursecuri-cu-vanilie||target:%20_blank|rel:nofollow&#8221;]<a href=\"https:\/\/www.sanovita.ro\/sirop-artar-vertmont-canada-250-gr-694.html?utm_medium=blog&amp;utm_source=retetablog-fursecuri-cu-vanilie\"><img loading=\"lazy\" decoding=\"async\" class=\"aligncenter wp-image-11407 size-thumbnail\" src=\"https:\/\/www.sanovita.ro\/blog\/wp-content\/uploads\/2019\/02\/sirop-artar-vertmont-canada-250-gr-200x200.jpg\" alt=\"sirop-artar-vertmont-canada-250-gr\" width=\"200\" height=\"200\" srcset=\"https:\/\/sanovita.ro\/blog\/wp-content\/uploads\/2019\/02\/sirop-artar-vertmont-canada-250-gr-200x200.jpg 200w, https:\/\/sanovita.ro\/blog\/wp-content\/uploads\/2019\/02\/sirop-artar-vertmont-canada-250-gr-324x324.jpg 324w, https:\/\/sanovita.ro\/blog\/wp-content\/uploads\/2019\/02\/sirop-artar-vertmont-canada-250-gr-768x768.jpg 768w, https:\/\/sanovita.ro\/blog\/wp-content\/uploads\/2019\/02\/sirop-artar-vertmont-canada-250-gr-486x486.jpg 486w, https:\/\/sanovita.ro\/blog\/wp-content\/uploads\/2019\/02\/sirop-artar-vertmont-canada-250-gr.jpg 800w\" sizes=\"auto, (max-width: 200px) 100vw, 200px\" \/><\/a>[\/vc_cta][vc_cta h2=&#8221;&#8221; h4=&#8221;Sare de mare&#8221; txt_align=&#8221;center&#8221; color=&#8221;green&#8221; add_button=&#8221;bottom&#8221; btn_title=&#8221;Vezi detalii produs&#8221; btn_style=&#8221;classic&#8221; btn_color=&#8221;danger&#8221; btn_size=&#8221;sm&#8221; btn_align=&#8221;center&#8221; btn_link=&#8221;url:https%3A%2F%2Fwww.sanovita.ro%2Fsare-de-mare-fina-iodata-1-kg-37.html%3Futm_medium%3Dblog%26utm_source%3Dretetablog-fursecuri-cu-vanilie||target:%20_blank|rel:nofollow&#8221;]<a href=\"https:\/\/www.sanovita.ro\/sare-de-mare-fina-iodata-1-kg-37.html?utm_medium=blog&amp;utm_source=retetablog-fursecuri-cu-vanilie\"><img loading=\"lazy\" decoding=\"async\" class=\"aligncenter wp-image-5037 size-thumbnail\" src=\"https:\/\/www.sanovita.ro\/blog\/wp-content\/uploads\/2017\/10\/sare-de-mare-fina-iodata-1-kg-200x200.jpg\" alt=\"sare-de-mare-fina-iodata-1-kg\" width=\"200\" height=\"200\" srcset=\"https:\/\/sanovita.ro\/blog\/wp-content\/uploads\/2017\/10\/sare-de-mare-fina-iodata-1-kg-200x200.jpg 200w, https:\/\/sanovita.ro\/blog\/wp-content\/uploads\/2017\/10\/sare-de-mare-fina-iodata-1-kg-324x324.jpg 324w, https:\/\/sanovita.ro\/blog\/wp-content\/uploads\/2017\/10\/sare-de-mare-fina-iodata-1-kg.jpg 458w\" sizes=\"auto, (max-width: 200px) 100vw, 200px\" \/><\/a>[\/vc_cta]<\/div><\/div><\/div><\/div><div id=\"tdi_11\" class=\"tdc-row\"><div class=\"vc_row tdi_12  wpb_row td-pb-row\" >\n<style scoped>\n\n\/* custom css *\/\n.tdi_12,\r\n                .tdi_12 .tdc-columns{\r\n                    min-height: 0;\r\n                }.tdi_12,\r\n\t\t\t\t.tdi_12 .tdc-columns{\r\n\t\t\t\t    display: block;\r\n\t\t\t\t}.tdi_12 .tdc-columns{\r\n\t\t\t\t    width: 100%;\r\n\t\t\t\t}\n<\/style><div class=\"vc_column tdi_14  wpb_column vc_column_container tdc-column td-pb-span12\">\n<style scoped>\n\n\/* custom css *\/\n.tdi_14{\r\n                    vertical-align: baseline;\r\n                }.tdi_14 > .wpb_wrapper,\r\n\t\t\t\t.tdi_14 > .wpb_wrapper > .tdc-elements{\r\n\t\t\t\t    display: block;\r\n\t\t\t\t}.tdi_14 > .wpb_wrapper > .tdc-elements{\r\n\t\t\t\t    width: 100%;\r\n\t\t\t\t}.tdi_14 > .wpb_wrapper > .vc_row_inner{\r\n\t\t\t\t    width: auto;\r\n\t\t\t\t}.tdi_14 > .wpb_wrapper{\r\n\t\t\t\t    width: auto;\r\n\t\t\t\t    height: auto;\r\n\t\t\t\t}\n<\/style><div class=\"wpb_wrapper\" >[vc_column_text]<\/p>\n<h3 style=\"text-align: left;\"><i class=\"fa fa-cutlery \" ><\/i> \u00a0 Mod de preparare reteta Fursecuri cu vanilie<\/h3>\n<ul style=\"text-align: justify;\">\n<li>Primul pas in prepararea acestor fursecuri cu vanilie este preincalzirea cuptorului la 180<sup>o <\/sup>C.<\/li>\n<\/ul>\n<ul style=\"text-align: justify;\">\n<li>Tapeteaza doua tavi termorezistente cu hartie de copt, pentru a le avea pregatite si la indemana.<\/li>\n<\/ul>\n<ul style=\"text-align: justify;\">\n<li>Intr-un bol incapator, adauga untul de cocos topit, siropul de artar, sarea si esenta de vanilie si mixeaza-le pana la incorporare.<\/li>\n<\/ul>\n<ul style=\"text-align: justify;\">\n<li>Adauga in bol, pe rand, cate o lingura de faina de grau integrala, amestecand in bol cu o lingura de lemn.<\/li>\n<\/ul>\n<ul style=\"text-align: justify;\">\n<li>Varsa ingredientele din bol pe blatul de lucri si framanta din ele un aluat omogen (daca ti se pare ca este prea lipicios, adauga inca 1-2 linguri de faina; daca ti se pare prea uscat, adauga inca 1 lingura de sirop de artar).<\/li>\n<\/ul>\n<ul style=\"text-align: justify;\">\n<li>Imparte aluatul astfel obtinut in 2 si intinde fiecare jumatate sub forma dreptunghiulara, cu ajutorul unui sucitor, pana obtii o foaie de aluat de fursecuri de vanilie groasa de 6 mm.<\/li>\n<\/ul>\n<ul style=\"text-align: justify;\">\n<li>Folosind formele metalice pentru fursecuri preferate (inimioare, de exemplu), decupeaza fursecurile cu vanilie din fiecarea foaie de aluat si muta-le pe cate o tava tapetata cu hartie de copt; lasa putin spatiu intre ele (fursecurile nu se vor intinde la copt, dar nu trebuie nici sa se lipeasca unul de altul).<\/li>\n<\/ul>\n<ul style=\"text-align: justify;\">\n<li>Aduna resturile de aluat si intinde-le din nou pe blatul de lucru, repetand procesul pana se termina tot aluatul.<\/li>\n<\/ul>\n<ul style=\"text-align: justify;\">\n<li>Da tavile cu fursecuri la cuptorul preincalzit, timp de aproximativ 11-13 minute sau pana cand marginile acestora incep sa devina aurii.<\/li>\n<\/ul>\n<ul style=\"text-align: justify;\">\n<li>Scoate tavile din cuptor si lasa fursecurile la racit 10 minute, in tava (timp in care acestea se vor intari usor), apoi serveste-le imediat.<\/li>\n<\/ul>\n<\/div>\n<\/div>\n<\/div>\n<h3 style=\"text-align: left;\"><i class=\"fa fa-cutlery \" ><\/i> \u00a0 Observatii reteta Fursecuri cu vanilie<\/h3>\n<ul style=\"text-align: justify;\">\n<li>Din aceasta lista de ingrediente vei obtine 26-28 de fursecuri cu vanilie, de 5 cm diametru.<\/li>\n<\/ul>\n<ul style=\"text-align: justify;\">\n<li>Daca vrei sa obtii fursecuri cu vanilie si mai aromate, poti adauga in compozitie si semintele de la jumatate de pastaie de vanilie.<\/li>\n<\/ul>\n<ul style=\"text-align: justify;\">\n<li>ceste fursecuri cu vanilie pot fi si decorate (dupa ce s-au racit complet) cu o glazura de zahar si lapte vegetal: 2 cani de zahar pudra, 3 linguri <a href=\"https:\/\/www.sanovita.ro\/lapte-de-migdale-1l-1115.html?utm_medium=blog&amp;utm_source=retetablog-fursecuri-cu-vanilie\" target=\"_blank\" rel=\"noopener noreferrer\">lapte de migdale<\/a>, 2 linguri sirop de artar, \u00bd lingurita esenta de vanilie si un strop de colorant alimentar (optional).<\/li>\n<\/ul>\n<ul style=\"text-align: justify;\">\n<li>In plus, poti face aceste fursecuri cu vanilie de Sarbatori, le poti da o gaura in partea superioara (cu un pai, inainte de coacere) si apoi le poti transforma in ornamente de Craciun, pentru propria casa sau pentru prieteni.<\/li>\n<\/ul>\n<h3 style=\"text-align: left;\"><i class=\"fa fa-lightbulb-o \" ><\/i>\u00a0 Stiai ca?<\/h3>\n<ul style=\"text-align: justify;\">\n<li>Pastaile de vanilie se obtin din orhidee de vanilie, flori care sunt polenizate artificial (manual) din 1841 pana astazi?<\/li>\n<\/ul>\n<ul style=\"text-align: justify;\">\n<li>Pastaile de vanilie contin vanilina, vitamine din grupul B-urilor si urme de minerale?<\/li>\n<\/ul>\n<ul style=\"text-align: justify;\">\n<li>Aroma de vanilie iti poate induce o stare de calm si te poate scapa de stres, folosita in cadrul tratamentelor de aromaterapie?<\/li>\n<\/ul>\n<p>[\/vc_column_text]<\/div><\/div><\/div><\/div>\n<\/section>","protected":false},"excerpt":{"rendered":"<p>Aceasta reteta de fursecuri cu vanilie are la baza faina de grau integrala si uleiul de cocos, este aromata cu esenta (si, optional, semintele dintr-o pastaie) de vanilie si este foarte usor de facut. Cu o lista de ingrediente minimala si doar 30 de minute de preparare, aceste fursecuri cu vanilie sunt un desert crocant [&hellip;]<\/p>\n","protected":false},"author":12,"featured_media":15687,"comment_status":"open","ping_status":"open","sticky":false,"template":"","format":"standard","meta":{"jetpack_post_was_ever_published":false,"_jetpack_newsletter_access":"","_jetpack_dont_email_post_to_subs":false,"_jetpack_newsletter_tier_id":0,"_jetpack_memberships_contains_paywalled_content":false,"_jetpack_memberships_contains_paid_content":false,"footnotes":"","jetpack_publicize_message":"","jetpack_publicize_feature_enabled":true,"jetpack_social_post_already_shared":true,"jetpack_social_options":{"image_generator_settings":{"template":"highway","enabled":false},"version":2}},"categories":[8],"tags":[98,142,263,336,118],"class_list":{"0":"post-15686","1":"post","2":"type-post","3":"status-publish","4":"format-standard","5":"has-post-thumbnail","7":"category-deserturi","8":"tag-esenta-de-vanilie","9":"tag-faina-de-grau-integrala","10":"tag-sare","11":"tag-sirop-de-artar","12":"tag-ulei-de-cocos"},"yoast_head":"<!-- This site is optimized with the Yoast SEO plugin v19.14 - https:\/\/yoast.com\/wordpress\/plugins\/seo\/ -->\n<title>Reteta Fursecuri cu vanilie &ndash; Zi de zi mai bine - SanoVita<\/title>\n<meta name=\"description\" content=\"Aceasta reteta de fursecuri cu vanilie are la baza faina de grau si uleiul de cocos, este aromata cu esenta de vanilie si este foarte usor de facut.\" \/>\n<meta name=\"robots\" content=\"index, follow, max-snippet:-1, max-image-preview:large, max-video-preview:-1\" \/>\n<link rel=\"canonical\" href=\"https:\/\/sanovita.ro\/blog\/fursecuri-cu-vanilie\/\" \/>\n<meta property=\"og:locale\" content=\"ro_RO\" \/>\n<meta property=\"og:type\" content=\"article\" \/>\n<meta property=\"og:title\" content=\"Reteta Fursecuri cu vanilie &ndash; Zi de zi mai bine - SanoVita\" \/>\n<meta property=\"og:description\" content=\"Aceasta reteta de fursecuri cu vanilie are la baza faina de grau si uleiul de cocos, este aromata cu esenta de vanilie si este foarte usor de facut.\" \/>\n<meta property=\"og:url\" content=\"https:\/\/sanovita.ro\/blog\/fursecuri-cu-vanilie\/\" \/>\n<meta property=\"og:site_name\" content=\"Zi de zi mai bine - SanoVita\" \/>\n<meta property=\"article:publisher\" content=\"https:\/\/www.facebook.com\/SanoVita\/\" \/>\n<meta property=\"article:author\" content=\"https:\/\/www.facebook.com\/SanoVita\/\" \/>\n<meta property=\"article:published_time\" content=\"2020-03-23T07:00:37+00:00\" \/>\n<meta property=\"article:modified_time\" content=\"2021-06-23T16:55:45+00:00\" \/>\n<meta property=\"og:image\" content=\"https:\/\/sanovita.ro\/blog\/wp-content\/uploads\/2020\/02\/fursecuri-cu-vanilie.jpg\" \/>\n\t<meta property=\"og:image:width\" content=\"592\" \/>\n\t<meta property=\"og:image:height\" content=\"392\" \/>\n\t<meta property=\"og:image:type\" content=\"image\/jpeg\" \/>\n<meta name=\"author\" content=\"Expertul SanoVita\" \/>\n<meta name=\"twitter:card\" content=\"summary_large_image\" \/>\n<meta name=\"twitter:creator\" content=\"@https:\/\/twitter.com\/sanovitaoficial\" \/>\n<meta name=\"twitter:site\" content=\"@SanoVitaOficial\" \/>\n<meta name=\"twitter:label1\" content=\"Scris de\" \/>\n\t<meta name=\"twitter:data1\" content=\"Expertul SanoVita\" \/>\n\t<meta name=\"twitter:label2\" content=\"Timp estimat pentru citire\" \/>\n\t<meta name=\"twitter:data2\" content=\"5 minute\" \/>\n<script type=\"application\/ld+json\" class=\"yoast-schema-graph\">{\"@context\":\"https:\/\/schema.org\",\"@graph\":[{\"@type\":\"Article\",\"@id\":\"https:\/\/sanovita.ro\/blog\/fursecuri-cu-vanilie\/#article\",\"isPartOf\":{\"@id\":\"https:\/\/sanovita.ro\/blog\/fursecuri-cu-vanilie\/\"},\"author\":{\"name\":\"Expertul SanoVita\",\"@id\":\"https:\/\/sanovita.ro\/blog\/#\/schema\/person\/9f87f9806cd9a47de966c1dce4829b60\"},\"headline\":\"Fursecuri cu vanilie\",\"datePublished\":\"2020-03-23T07:00:37+00:00\",\"dateModified\":\"2021-06-23T16:55:45+00:00\",\"mainEntityOfPage\":{\"@id\":\"https:\/\/sanovita.ro\/blog\/fursecuri-cu-vanilie\/\"},\"wordCount\":903,\"commentCount\":0,\"publisher\":{\"@id\":\"https:\/\/sanovita.ro\/blog\/#organization\"},\"keywords\":[\"esenta de vanilie\",\"faina de grau integrala\",\"sare\",\"sirop de artar\",\"ulei de cocos\"],\"articleSection\":[\"Deserturi s\u0103n\u0103toase\"],\"inLanguage\":\"ro-RO\",\"potentialAction\":[{\"@type\":\"CommentAction\",\"name\":\"Comment\",\"target\":[\"https:\/\/sanovita.ro\/blog\/fursecuri-cu-vanilie\/#respond\"]}]},{\"@type\":\"WebPage\",\"@id\":\"https:\/\/sanovita.ro\/blog\/fursecuri-cu-vanilie\/\",\"url\":\"https:\/\/sanovita.ro\/blog\/fursecuri-cu-vanilie\/\",\"name\":\"Reteta Fursecuri cu vanilie &ndash; Zi de zi mai bine - SanoVita\",\"isPartOf\":{\"@id\":\"https:\/\/sanovita.ro\/blog\/#website\"},\"datePublished\":\"2020-03-23T07:00:37+00:00\",\"dateModified\":\"2021-06-23T16:55:45+00:00\",\"description\":\"Aceasta reteta de fursecuri cu vanilie are la baza faina de grau si uleiul de cocos, este aromata cu esenta de vanilie si este foarte usor de facut.\",\"inLanguage\":\"ro-RO\",\"potentialAction\":[{\"@type\":\"ReadAction\",\"target\":[\"https:\/\/sanovita.ro\/blog\/fursecuri-cu-vanilie\/\"]}]},{\"@type\":\"WebSite\",\"@id\":\"https:\/\/sanovita.ro\/blog\/#website\",\"url\":\"https:\/\/sanovita.ro\/blog\/\",\"name\":\"Zi de zi mai bine\",\"description\":\"Zi de zi mai bine!\",\"publisher\":{\"@id\":\"https:\/\/sanovita.ro\/blog\/#organization\"},\"potentialAction\":[{\"@type\":\"SearchAction\",\"target\":{\"@type\":\"EntryPoint\",\"urlTemplate\":\"https:\/\/sanovita.ro\/blog\/?s={search_term_string}\"},\"query-input\":\"required name=search_term_string\"}],\"inLanguage\":\"ro-RO\"},{\"@type\":\"Organization\",\"@id\":\"https:\/\/sanovita.ro\/blog\/#organization\",\"name\":\"Sano Vita\",\"url\":\"https:\/\/sanovita.ro\/blog\/\",\"logo\":{\"@type\":\"ImageObject\",\"inLanguage\":\"ro-RO\",\"@id\":\"https:\/\/sanovita.ro\/blog\/#\/schema\/logo\/image\/\",\"url\":\"https:\/\/sanovita.ro\/blog\/wp-content\/uploads\/2021\/05\/sanovita-new.png\",\"contentUrl\":\"https:\/\/sanovita.ro\/blog\/wp-content\/uploads\/2021\/05\/sanovita-new.png\",\"width\":546,\"height\":110,\"caption\":\"Sano Vita\"},\"image\":{\"@id\":\"https:\/\/sanovita.ro\/blog\/#\/schema\/logo\/image\/\"},\"sameAs\":[\"https:\/\/www.instagram.com\/sano_vita\",\"https:\/\/www.facebook.com\/SanoVita\/\",\"https:\/\/twitter.com\/SanoVitaOficial\"]},{\"@type\":\"Person\",\"@id\":\"https:\/\/sanovita.ro\/blog\/#\/schema\/person\/9f87f9806cd9a47de966c1dce4829b60\",\"name\":\"Expertul SanoVita\",\"image\":{\"@type\":\"ImageObject\",\"inLanguage\":\"ro-RO\",\"@id\":\"https:\/\/sanovita.ro\/blog\/#\/schema\/person\/image\/\",\"url\":\"https:\/\/www.sanovita.ro\/blog\/wp-content\/uploads\/2021\/08\/expert-sano-2-96x96.png\",\"contentUrl\":\"https:\/\/www.sanovita.ro\/blog\/wp-content\/uploads\/2021\/08\/expert-sano-2-96x96.png\",\"caption\":\"Expertul SanoVita\"},\"description\":\"Viziunea SanoVita este c\u0103, promov\u00e2nd hrana s\u0103n\u0103toas\u0103, nu doar vom asista la o \u00eembun\u0103t\u0103\u021bire a s\u0103n\u0103t\u0103\u021bii rom\u00e2nilor, ci, mai mult de at\u00e2t, vom fi unul dintre factorii care particip\u0103 activ la schimbarea \u00een bine. Ne dorim s\u0103 contribuim la o lume mai bun\u0103, mai con\u0219tient\u0103 de ceea ce m\u0103n\u00e2nc\u0103, de oportunit\u0103\u021bile care exist\u0103 \u00een c\u0103mara fiec\u0103ruia \u0219i s\u0103 d\u0103m idei pentru o alimenta\u021bie s\u0103n\u0103toas\u0103 \u0219i, \u00een acela\u0219i timp, gustoas\u0103.\",\"sameAs\":[\"https:\/\/www.sanovita.ro\/\",\"https:\/\/www.facebook.com\/SanoVita\/\",\"https:\/\/www.instagram.com\/sano_vita\/\",\"https:\/\/twitter.com\/https:\/\/twitter.com\/sanovitaoficial\",\"https:\/\/www.youtube.com\/channel\/UCBKoqOSEJxjRCSiZcoi_1NA\"],\"url\":\"https:\/\/sanovita.ro\/blog\/author\/expertul-sanovita\/\"}]}<\/script>\n<!-- \/ Yoast SEO plugin. -->","yoast_head_json":{"title":"Reteta Fursecuri cu vanilie &ndash; Zi de zi mai bine - SanoVita","description":"Aceasta reteta de fursecuri cu vanilie are la baza faina de grau si uleiul de cocos, este aromata cu esenta de vanilie si este foarte usor de facut.","robots":{"index":"index","follow":"follow","max-snippet":"max-snippet:-1","max-image-preview":"max-image-preview:large","max-video-preview":"max-video-preview:-1"},"canonical":"https:\/\/sanovita.ro\/blog\/fursecuri-cu-vanilie\/","og_locale":"ro_RO","og_type":"article","og_title":"Reteta Fursecuri cu vanilie &ndash; Zi de zi mai bine - SanoVita","og_description":"Aceasta reteta de fursecuri cu vanilie are la baza faina de grau si uleiul de cocos, este aromata cu esenta de vanilie si este foarte usor de facut.","og_url":"https:\/\/sanovita.ro\/blog\/fursecuri-cu-vanilie\/","og_site_name":"Zi de zi mai bine - SanoVita","article_publisher":"https:\/\/www.facebook.com\/SanoVita\/","article_author":"https:\/\/www.facebook.com\/SanoVita\/","article_published_time":"2020-03-23T07:00:37+00:00","article_modified_time":"2021-06-23T16:55:45+00:00","og_image":[{"width":592,"height":392,"url":"https:\/\/sanovita.ro\/blog\/wp-content\/uploads\/2020\/02\/fursecuri-cu-vanilie.jpg","type":"image\/jpeg"}],"author":"Expertul SanoVita","twitter_card":"summary_large_image","twitter_creator":"@https:\/\/twitter.com\/sanovitaoficial","twitter_site":"@SanoVitaOficial","twitter_misc":{"Scris de":"Expertul SanoVita","Timp estimat pentru citire":"5 minute"},"schema":{"@context":"https:\/\/schema.org","@graph":[{"@type":"Article","@id":"https:\/\/sanovita.ro\/blog\/fursecuri-cu-vanilie\/#article","isPartOf":{"@id":"https:\/\/sanovita.ro\/blog\/fursecuri-cu-vanilie\/"},"author":{"name":"Expertul SanoVita","@id":"https:\/\/sanovita.ro\/blog\/#\/schema\/person\/9f87f9806cd9a47de966c1dce4829b60"},"headline":"Fursecuri cu vanilie","datePublished":"2020-03-23T07:00:37+00:00","dateModified":"2021-06-23T16:55:45+00:00","mainEntityOfPage":{"@id":"https:\/\/sanovita.ro\/blog\/fursecuri-cu-vanilie\/"},"wordCount":903,"commentCount":0,"publisher":{"@id":"https:\/\/sanovita.ro\/blog\/#organization"},"keywords":["esenta de vanilie","faina de grau integrala","sare","sirop de artar","ulei de cocos"],"articleSection":["Deserturi s\u0103n\u0103toase"],"inLanguage":"ro-RO","potentialAction":[{"@type":"CommentAction","name":"Comment","target":["https:\/\/sanovita.ro\/blog\/fursecuri-cu-vanilie\/#respond"]}]},{"@type":"WebPage","@id":"https:\/\/sanovita.ro\/blog\/fursecuri-cu-vanilie\/","url":"https:\/\/sanovita.ro\/blog\/fursecuri-cu-vanilie\/","name":"Reteta Fursecuri cu vanilie &ndash; Zi de zi mai bine - SanoVita","isPartOf":{"@id":"https:\/\/sanovita.ro\/blog\/#website"},"datePublished":"2020-03-23T07:00:37+00:00","dateModified":"2021-06-23T16:55:45+00:00","description":"Aceasta reteta de fursecuri cu vanilie are la baza faina de grau si uleiul de cocos, este aromata cu esenta de vanilie si este foarte usor de facut.","inLanguage":"ro-RO","potentialAction":[{"@type":"ReadAction","target":["https:\/\/sanovita.ro\/blog\/fursecuri-cu-vanilie\/"]}]},{"@type":"WebSite","@id":"https:\/\/sanovita.ro\/blog\/#website","url":"https:\/\/sanovita.ro\/blog\/","name":"Zi de zi mai bine","description":"Zi de zi mai bine!","publisher":{"@id":"https:\/\/sanovita.ro\/blog\/#organization"},"potentialAction":[{"@type":"SearchAction","target":{"@type":"EntryPoint","urlTemplate":"https:\/\/sanovita.ro\/blog\/?s={search_term_string}"},"query-input":"required name=search_term_string"}],"inLanguage":"ro-RO"},{"@type":"Organization","@id":"https:\/\/sanovita.ro\/blog\/#organization","name":"Sano Vita","url":"https:\/\/sanovita.ro\/blog\/","logo":{"@type":"ImageObject","inLanguage":"ro-RO","@id":"https:\/\/sanovita.ro\/blog\/#\/schema\/logo\/image\/","url":"https:\/\/sanovita.ro\/blog\/wp-content\/uploads\/2021\/05\/sanovita-new.png","contentUrl":"https:\/\/sanovita.ro\/blog\/wp-content\/uploads\/2021\/05\/sanovita-new.png","width":546,"height":110,"caption":"Sano Vita"},"image":{"@id":"https:\/\/sanovita.ro\/blog\/#\/schema\/logo\/image\/"},"sameAs":["https:\/\/www.instagram.com\/sano_vita","https:\/\/www.facebook.com\/SanoVita\/","https:\/\/twitter.com\/SanoVitaOficial"]},{"@type":"Person","@id":"https:\/\/sanovita.ro\/blog\/#\/schema\/person\/9f87f9806cd9a47de966c1dce4829b60","name":"Expertul SanoVita","image":{"@type":"ImageObject","inLanguage":"ro-RO","@id":"https:\/\/sanovita.ro\/blog\/#\/schema\/person\/image\/","url":"https:\/\/www.sanovita.ro\/blog\/wp-content\/uploads\/2021\/08\/expert-sano-2-96x96.png","contentUrl":"https:\/\/www.sanovita.ro\/blog\/wp-content\/uploads\/2021\/08\/expert-sano-2-96x96.png","caption":"Expertul SanoVita"},"description":"Viziunea SanoVita este c\u0103, promov\u00e2nd hrana s\u0103n\u0103toas\u0103, nu doar vom asista la o \u00eembun\u0103t\u0103\u021bire a s\u0103n\u0103t\u0103\u021bii rom\u00e2nilor, ci, mai mult de at\u00e2t, vom fi unul dintre factorii care particip\u0103 activ la schimbarea \u00een bine. Ne dorim s\u0103 contribuim la o lume mai bun\u0103, mai con\u0219tient\u0103 de ceea ce m\u0103n\u00e2nc\u0103, de oportunit\u0103\u021bile care exist\u0103 \u00een c\u0103mara fiec\u0103ruia \u0219i s\u0103 d\u0103m idei pentru o alimenta\u021bie s\u0103n\u0103toas\u0103 \u0219i, \u00een acela\u0219i timp, gustoas\u0103.","sameAs":["https:\/\/www.sanovita.ro\/","https:\/\/www.facebook.com\/SanoVita\/","https:\/\/www.instagram.com\/sano_vita\/","https:\/\/twitter.com\/https:\/\/twitter.com\/sanovitaoficial","https:\/\/www.youtube.com\/channel\/UCBKoqOSEJxjRCSiZcoi_1NA"],"url":"https:\/\/sanovita.ro\/blog\/author\/expertul-sanovita\/"}]}},"jetpack_publicize_connections":[],"jetpack_featured_media_url":"https:\/\/sanovita.ro\/blog\/wp-content\/uploads\/2020\/02\/fursecuri-cu-vanilie.jpg","featured_image_src":"https:\/\/sanovita.ro\/blog\/wp-content\/uploads\/2020\/02\/fursecuri-cu-vanilie.jpg","jetpack_shortlink":"https:\/\/wp.me\/p8JCYA-450","jetpack_sharing_enabled":true,"_links":{"self":[{"href":"https:\/\/sanovita.ro\/blog\/wp-json\/wp\/v2\/posts\/15686","targetHints":{"allow":["GET"]}}],"collection":[{"href":"https:\/\/sanovita.ro\/blog\/wp-json\/wp\/v2\/posts"}],"about":[{"href":"https:\/\/sanovita.ro\/blog\/wp-json\/wp\/v2\/types\/post"}],"author":[{"embeddable":true,"href":"https:\/\/sanovita.ro\/blog\/wp-json\/wp\/v2\/users\/12"}],"replies":[{"embeddable":true,"href":"https:\/\/sanovita.ro\/blog\/wp-json\/wp\/v2\/comments?post=15686"}],"version-history":[{"count":5,"href":"https:\/\/sanovita.ro\/blog\/wp-json\/wp\/v2\/posts\/15686\/revisions"}],"predecessor-version":[{"id":20989,"href":"https:\/\/sanovita.ro\/blog\/wp-json\/wp\/v2\/posts\/15686\/revisions\/20989"}],"wp:featuredmedia":[{"embeddable":true,"href":"https:\/\/sanovita.ro\/blog\/wp-json\/wp\/v2\/media\/15687"}],"wp:attachment":[{"href":"https:\/\/sanovita.ro\/blog\/wp-json\/wp\/v2\/media?parent=15686"}],"wp:term":[{"taxonomy":"category","embeddable":true,"href":"https:\/\/sanovita.ro\/blog\/wp-json\/wp\/v2\/categories?post=15686"},{"taxonomy":"post_tag","embeddable":true,"href":"https:\/\/sanovita.ro\/blog\/wp-json\/wp\/v2\/tags?post=15686"}],"curies":[{"name":"wp","href":"https:\/\/api.w.org\/{rel}","templated":true}]}}